{"id":4438,"date":"2026-01-07T09:37:07","date_gmt":"2026-01-07T09:37:07","guid":{"rendered":"https:\/\/www.greektrade.com.pl\/?p=4438"},"modified":"2026-02-02T15:19:37","modified_gmt":"2026-02-02T15:19:37","slug":"wielokanalowa-kampania-dla-marki-el-sabor-w-2025-roku","status":"publish","type":"post","link":"https:\/\/www.greektrade.com.pl\/en\/wielokanalowa-kampania-dla-marki-el-sabor-w-2025-roku\/","title":{"rendered":"Wielokana\u0142owa kampania dla marki El Sabor w 2025 roku."},"content":{"rendered":"<p>Jako wy\u0142\u0105czny dystrybutor nachos\u00f3w i dip\u00f3w marki El Sabor w Polsce, stale prowadzimy kompleksow\u0105, nowoczesn\u0105 strategi\u0119 promocyjn\u0105, kt\u00f3ra obejmuje zar\u00f3wno dzia\u0142ania offline, jak i online. Naszym celem jest nie tylko zwi\u0119kszenie sprzeda\u017cy ale r\u00f3wnie\u017c rozpoznawalno\u015bci marki. Du\u017cy nacisk k\u0142adziemy na budowanie pozytywnych, anga\u017cuj\u0105cych do\u015bwiadcze\u0144 marka-Konsument, kt\u00f3re przek\u0142adaj\u0105 si\u0119 na decyzje zakupowe i d\u0142ugoterminow\u0105 lojalno\u015b\u0107.<\/p>\n<p><strong>Reklama kinowa i eventy plenerowe<\/strong><br \/>\nW ramach og\u00f3lnopolskiej kampanii El Sabor zrealizowali\u015bmy kampani\u0119 kinow\u0105, kt\u00f3rej spoty by\u0142y emitowane w ca\u0142ym kraju, docieraj\u0105c do miliona widz\u00f3w. Dodatkowo marka zosta\u0142a g\u0142\u00f3wnym partnerem wakacyjnej trasy \u201eKino na le\u017cakach\u201d, podczas kt\u00f3rej tworzyli\u015bmy strefy chilloutu. Konkursy Organizatora oraz obecno\u015b\u0107 maskotki \u2013 krokodyla El Sabor &#8211; by\u0142a okazj\u0105 do bezpo\u015bredniego kontaktu z produktem i budowania emocjonalnej wi\u0119zi z mark\u0105 w lu\u017anej, letniej atmosferze.<\/p>\n<p><strong>Komunikacja i reklamy online<\/strong><br \/>\nWspieramy El Sabor r\u00f3wnie\u017c w mediach spo\u0142eczno\u015bciowych na naszych profilach \u017bycie ma smak. Szczeg\u00f3lnym sukcesem okaza\u0142a si\u0119 viralowa rolka na TikToku z udzia\u0142em influencerki @klaudialeqlerc.<br \/>\nDbamy o obecno\u015b\u0107 marki w kampaniach display na portalach kulinarnych, rozrywkowych i lifestylowych. Nie mniej wa\u017cnym aspektem naszych dzia\u0142a\u0144 by\u0142a wsp\u00f3\u0142praca z sieciami handlowymi oraz promocje produktowe czy zestawy z napojami w aplikacjach i e sklepach.<\/p>\n<p><strong>Kampania audio i konkursy radiowe<\/strong><br \/>\nEl Sabor by\u0142 r\u00f3wnie\u017c obecny w kampanii radiowej \u2013 zar\u00f3wno w formie klasycznych spot\u00f3w, jak i sponsoringu program\u00f3w. Wsp\u00f3lnie z wybranymi stacj\u0105 zorganizowali\u015bmy tak\u017ce konkursy antenowe, w kt\u00f3rych s\u0142uchacze mogli zdoby\u0107 produkty marki i dedykowane gad\u017cety. Dzi\u0119ki temu dotarli\u015bmy do grup odbiorc\u00f3w spoza digitalu, zachowuj\u0105c sp\u00f3jn\u0105 narracj\u0119 i lekki, rozrywkowy charakter komunikacji.<\/p>\n<p><strong>Punkty sprzeda\u017cy \u2013 degustacje.<\/strong><br \/>\nNie zapominamy o dzia\u0142aniach w miejscu zakupu. Organizujemy degustacje produkt\u00f3w El Sabor w sieciach handlowych i sklepach tradycyjnych. Smak, kontakt z mark\u0105, pozytywna interakcja z hostess\u0105 czy maskotk\u0105 \u2013 to w\u0142a\u015bnie te momenty zwi\u0119kszaj\u0105 konwersj\u0119 i buduj\u0105 przywi\u0105zanie do marki.<\/p>\n","protected":false},"excerpt":{"rendered":"<p>Jako wy\u0142\u0105czny dystrybutor nachos\u00f3w i dip\u00f3w marki El Sabor w Polsce, stale prowadzimy kompleksow\u0105, nowoczesn\u0105 strategi\u0119 promocyjn\u0105, kt\u00f3ra obejmuje zar\u00f3wno<\/p>\n","protected":false},"author":2,"featured_media":4461,"comment_status":"closed","ping_status":"closed","sticky":false,"template":"","format":"standard","meta":{"_acf_changed":false,"footnotes":""},"categories":[20],"tags":[],"class_list":["post-4438","post","type-post","status-publish","format-standard","has-post-thumbnail","hentry","category-aktualnosci"],"acf":[],"yoast_head":"<!-- This site is optimized with the Yoast SEO plugin v27.4 - https:\/\/yoast.com\/product\/yoast-seo-wordpress\/ -->\n<title>Wielokana\u0142owa kampania dla marki El Sabor w 2025 roku. | Greek Trade<\/title>\n<meta name=\"robots\" content=\"index, follow, max-snippet:-1, max-image-preview:large, max-video-preview:-1\" \/>\n<link rel=\"canonical\" href=\"https:\/\/www.greektrade.com.pl\/en\/wielokanalowa-kampania-dla-marki-el-sabor-w-2025-roku\/\" \/>\n<meta property=\"og:locale\" content=\"en_US\" \/>\n<meta property=\"og:type\" content=\"article\" \/>\n<meta property=\"og:title\" content=\"Wielokana\u0142owa kampania dla marki El Sabor w 2025 roku. | Greek Trade\" \/>\n<meta property=\"og:description\" content=\"Jako wy\u0142\u0105czny dystrybutor nachos\u00f3w i dip\u00f3w marki El Sabor w Polsce, stale prowadzimy kompleksow\u0105, nowoczesn\u0105 strategi\u0119 promocyjn\u0105, kt\u00f3ra obejmuje zar\u00f3wno\" \/>\n<meta property=\"og:url\" content=\"https:\/\/www.greektrade.com.pl\/en\/wielokanalowa-kampania-dla-marki-el-sabor-w-2025-roku\/\" \/>\n<meta property=\"og:site_name\" content=\"Greek Trade\" \/>\n<meta property=\"article:published_time\" content=\"2026-01-07T09:37:07+00:00\" \/>\n<meta property=\"article:modified_time\" content=\"2026-02-02T15:19:37+00:00\" \/>\n<meta property=\"og:image\" content=\"https:\/\/www.greektrade.com.pl\/wp-content\/uploads\/2026\/02\/elsabor_naglowek_02.jpg\" \/>\n\t<meta property=\"og:image:width\" content=\"940\" \/>\n\t<meta property=\"og:image:height\" content=\"627\" \/>\n\t<meta property=\"og:image:type\" content=\"image\/jpeg\" \/>\n<meta name=\"author\" content=\"Patrycja Homoncik\" \/>\n<meta name=\"twitter:card\" content=\"summary_large_image\" \/>\n<meta name=\"twitter:label1\" content=\"Written by\" \/>\n\t<meta name=\"twitter:data1\" content=\"Patrycja Homoncik\" \/>\n\t<meta name=\"twitter:label2\" content=\"Est. reading time\" \/>\n\t<meta name=\"twitter:data2\" content=\"2 minutes\" \/>\n<script type=\"application\/ld+json\" class=\"yoast-schema-graph\">{\"@context\":\"https:\\\/\\\/schema.org\",\"@graph\":[{\"@type\":\"Article\",\"@id\":\"https:\\\/\\\/www.greektrade.com.pl\\\/en\\\/wielokanalowa-kampania-dla-marki-el-sabor-w-2025-roku\\\/#article\",\"isPartOf\":{\"@id\":\"https:\\\/\\\/www.greektrade.com.pl\\\/en\\\/wielokanalowa-kampania-dla-marki-el-sabor-w-2025-roku\\\/\"},\"author\":{\"name\":\"Patrycja Homoncik\",\"@id\":\"https:\\\/\\\/www.greektrade.com.pl\\\/en\\\/#\\\/schema\\\/person\\\/31b044bfdb17cbd8228787c2e092985f\"},\"headline\":\"Wielokana\u0142owa kampania dla marki El Sabor w 2025 roku.\",\"datePublished\":\"2026-01-07T09:37:07+00:00\",\"dateModified\":\"2026-02-02T15:19:37+00:00\",\"mainEntityOfPage\":{\"@id\":\"https:\\\/\\\/www.greektrade.com.pl\\\/en\\\/wielokanalowa-kampania-dla-marki-el-sabor-w-2025-roku\\\/\"},\"wordCount\":358,\"image\":{\"@id\":\"https:\\\/\\\/www.greektrade.com.pl\\\/en\\\/wielokanalowa-kampania-dla-marki-el-sabor-w-2025-roku\\\/#primaryimage\"},\"thumbnailUrl\":\"https:\\\/\\\/www.greektrade.com.pl\\\/wp-content\\\/uploads\\\/2026\\\/02\\\/elsabor_naglowek_02.jpg\",\"articleSection\":[\"Aktualno\u015bci\"],\"inLanguage\":\"en-US\"},{\"@type\":\"WebPage\",\"@id\":\"https:\\\/\\\/www.greektrade.com.pl\\\/en\\\/wielokanalowa-kampania-dla-marki-el-sabor-w-2025-roku\\\/\",\"url\":\"https:\\\/\\\/www.greektrade.com.pl\\\/en\\\/wielokanalowa-kampania-dla-marki-el-sabor-w-2025-roku\\\/\",\"name\":\"Wielokana\u0142owa kampania dla marki El Sabor w 2025 roku. | Greek Trade\",\"isPartOf\":{\"@id\":\"https:\\\/\\\/www.greektrade.com.pl\\\/en\\\/#website\"},\"primaryImageOfPage\":{\"@id\":\"https:\\\/\\\/www.greektrade.com.pl\\\/en\\\/wielokanalowa-kampania-dla-marki-el-sabor-w-2025-roku\\\/#primaryimage\"},\"image\":{\"@id\":\"https:\\\/\\\/www.greektrade.com.pl\\\/en\\\/wielokanalowa-kampania-dla-marki-el-sabor-w-2025-roku\\\/#primaryimage\"},\"thumbnailUrl\":\"https:\\\/\\\/www.greektrade.com.pl\\\/wp-content\\\/uploads\\\/2026\\\/02\\\/elsabor_naglowek_02.jpg\",\"datePublished\":\"2026-01-07T09:37:07+00:00\",\"dateModified\":\"2026-02-02T15:19:37+00:00\",\"author\":{\"@id\":\"https:\\\/\\\/www.greektrade.com.pl\\\/en\\\/#\\\/schema\\\/person\\\/31b044bfdb17cbd8228787c2e092985f\"},\"breadcrumb\":{\"@id\":\"https:\\\/\\\/www.greektrade.com.pl\\\/en\\\/wielokanalowa-kampania-dla-marki-el-sabor-w-2025-roku\\\/#breadcrumb\"},\"inLanguage\":\"en-US\",\"potentialAction\":[{\"@type\":\"ReadAction\",\"target\":[\"https:\\\/\\\/www.greektrade.com.pl\\\/en\\\/wielokanalowa-kampania-dla-marki-el-sabor-w-2025-roku\\\/\"]}]},{\"@type\":\"ImageObject\",\"inLanguage\":\"en-US\",\"@id\":\"https:\\\/\\\/www.greektrade.com.pl\\\/en\\\/wielokanalowa-kampania-dla-marki-el-sabor-w-2025-roku\\\/#primaryimage\",\"url\":\"https:\\\/\\\/www.greektrade.com.pl\\\/wp-content\\\/uploads\\\/2026\\\/02\\\/elsabor_naglowek_02.jpg\",\"contentUrl\":\"https:\\\/\\\/www.greektrade.com.pl\\\/wp-content\\\/uploads\\\/2026\\\/02\\\/elsabor_naglowek_02.jpg\",\"width\":940,\"height\":627},{\"@type\":\"BreadcrumbList\",\"@id\":\"https:\\\/\\\/www.greektrade.com.pl\\\/en\\\/wielokanalowa-kampania-dla-marki-el-sabor-w-2025-roku\\\/#breadcrumb\",\"itemListElement\":[{\"@type\":\"ListItem\",\"position\":1,\"name\":\"Strona g\u0142\u00f3wna\",\"item\":\"https:\\\/\\\/www.greektrade.com.pl\\\/en\\\/\"},{\"@type\":\"ListItem\",\"position\":2,\"name\":\"Wielokana\u0142owa kampania dla marki El Sabor w 2025 roku.\"}]},{\"@type\":\"WebSite\",\"@id\":\"https:\\\/\\\/www.greektrade.com.pl\\\/en\\\/#website\",\"url\":\"https:\\\/\\\/www.greektrade.com.pl\\\/en\\\/\",\"name\":\"Greek Trade\",\"description\":\"Polski producent, importer i dystrybutor \u017cywno\u015bci - gwarancja smaku\",\"potentialAction\":[{\"@type\":\"SearchAction\",\"target\":{\"@type\":\"EntryPoint\",\"urlTemplate\":\"https:\\\/\\\/www.greektrade.com.pl\\\/en\\\/?s={search_term_string}\"},\"query-input\":{\"@type\":\"PropertyValueSpecification\",\"valueRequired\":true,\"valueName\":\"search_term_string\"}}],\"inLanguage\":\"en-US\"},{\"@type\":\"Person\",\"@id\":\"https:\\\/\\\/www.greektrade.com.pl\\\/en\\\/#\\\/schema\\\/person\\\/31b044bfdb17cbd8228787c2e092985f\",\"name\":\"Patrycja Homoncik\",\"image\":{\"@type\":\"ImageObject\",\"inLanguage\":\"en-US\",\"@id\":\"https:\\\/\\\/secure.gravatar.com\\\/avatar\\\/10f639888a65bf6f32941f29c80e25f2655818949aa57cb0287e0dc6c6b0509f?s=96&d=mm&r=g\",\"url\":\"https:\\\/\\\/secure.gravatar.com\\\/avatar\\\/10f639888a65bf6f32941f29c80e25f2655818949aa57cb0287e0dc6c6b0509f?s=96&d=mm&r=g\",\"contentUrl\":\"https:\\\/\\\/secure.gravatar.com\\\/avatar\\\/10f639888a65bf6f32941f29c80e25f2655818949aa57cb0287e0dc6c6b0509f?s=96&d=mm&r=g\",\"caption\":\"Patrycja Homoncik\"}}]}<\/script>\n<!-- \/ Yoast SEO plugin. -->","yoast_head_json":{"title":"Wielokana\u0142owa kampania dla marki El Sabor w 2025 roku. | Greek Trade","robots":{"index":"index","follow":"follow","max-snippet":"max-snippet:-1","max-image-preview":"max-image-preview:large","max-video-preview":"max-video-preview:-1"},"canonical":"https:\/\/www.greektrade.com.pl\/en\/wielokanalowa-kampania-dla-marki-el-sabor-w-2025-roku\/","og_locale":"en_US","og_type":"article","og_title":"Wielokana\u0142owa kampania dla marki El Sabor w 2025 roku. | Greek Trade","og_description":"Jako wy\u0142\u0105czny dystrybutor nachos\u00f3w i dip\u00f3w marki El Sabor w Polsce, stale prowadzimy kompleksow\u0105, nowoczesn\u0105 strategi\u0119 promocyjn\u0105, kt\u00f3ra obejmuje zar\u00f3wno","og_url":"https:\/\/www.greektrade.com.pl\/en\/wielokanalowa-kampania-dla-marki-el-sabor-w-2025-roku\/","og_site_name":"Greek Trade","article_published_time":"2026-01-07T09:37:07+00:00","article_modified_time":"2026-02-02T15:19:37+00:00","og_image":[{"width":940,"height":627,"url":"https:\/\/www.greektrade.com.pl\/wp-content\/uploads\/2026\/02\/elsabor_naglowek_02.jpg","type":"image\/jpeg"}],"author":"Patrycja Homoncik","twitter_card":"summary_large_image","twitter_misc":{"Written by":"Patrycja Homoncik","Est. reading time":"2 minutes"},"schema":{"@context":"https:\/\/schema.org","@graph":[{"@type":"Article","@id":"https:\/\/www.greektrade.com.pl\/en\/wielokanalowa-kampania-dla-marki-el-sabor-w-2025-roku\/#article","isPartOf":{"@id":"https:\/\/www.greektrade.com.pl\/en\/wielokanalowa-kampania-dla-marki-el-sabor-w-2025-roku\/"},"author":{"name":"Patrycja Homoncik","@id":"https:\/\/www.greektrade.com.pl\/en\/#\/schema\/person\/31b044bfdb17cbd8228787c2e092985f"},"headline":"Wielokana\u0142owa kampania dla marki El Sabor w 2025 roku.","datePublished":"2026-01-07T09:37:07+00:00","dateModified":"2026-02-02T15:19:37+00:00","mainEntityOfPage":{"@id":"https:\/\/www.greektrade.com.pl\/en\/wielokanalowa-kampania-dla-marki-el-sabor-w-2025-roku\/"},"wordCount":358,"image":{"@id":"https:\/\/www.greektrade.com.pl\/en\/wielokanalowa-kampania-dla-marki-el-sabor-w-2025-roku\/#primaryimage"},"thumbnailUrl":"https:\/\/www.greektrade.com.pl\/wp-content\/uploads\/2026\/02\/elsabor_naglowek_02.jpg","articleSection":["Aktualno\u015bci"],"inLanguage":"en-US"},{"@type":"WebPage","@id":"https:\/\/www.greektrade.com.pl\/en\/wielokanalowa-kampania-dla-marki-el-sabor-w-2025-roku\/","url":"https:\/\/www.greektrade.com.pl\/en\/wielokanalowa-kampania-dla-marki-el-sabor-w-2025-roku\/","name":"Wielokana\u0142owa kampania dla marki El Sabor w 2025 roku. | Greek Trade","isPartOf":{"@id":"https:\/\/www.greektrade.com.pl\/en\/#website"},"primaryImageOfPage":{"@id":"https:\/\/www.greektrade.com.pl\/en\/wielokanalowa-kampania-dla-marki-el-sabor-w-2025-roku\/#primaryimage"},"image":{"@id":"https:\/\/www.greektrade.com.pl\/en\/wielokanalowa-kampania-dla-marki-el-sabor-w-2025-roku\/#primaryimage"},"thumbnailUrl":"https:\/\/www.greektrade.com.pl\/wp-content\/uploads\/2026\/02\/elsabor_naglowek_02.jpg","datePublished":"2026-01-07T09:37:07+00:00","dateModified":"2026-02-02T15:19:37+00:00","author":{"@id":"https:\/\/www.greektrade.com.pl\/en\/#\/schema\/person\/31b044bfdb17cbd8228787c2e092985f"},"breadcrumb":{"@id":"https:\/\/www.greektrade.com.pl\/en\/wielokanalowa-kampania-dla-marki-el-sabor-w-2025-roku\/#breadcrumb"},"inLanguage":"en-US","potentialAction":[{"@type":"ReadAction","target":["https:\/\/www.greektrade.com.pl\/en\/wielokanalowa-kampania-dla-marki-el-sabor-w-2025-roku\/"]}]},{"@type":"ImageObject","inLanguage":"en-US","@id":"https:\/\/www.greektrade.com.pl\/en\/wielokanalowa-kampania-dla-marki-el-sabor-w-2025-roku\/#primaryimage","url":"https:\/\/www.greektrade.com.pl\/wp-content\/uploads\/2026\/02\/elsabor_naglowek_02.jpg","contentUrl":"https:\/\/www.greektrade.com.pl\/wp-content\/uploads\/2026\/02\/elsabor_naglowek_02.jpg","width":940,"height":627},{"@type":"BreadcrumbList","@id":"https:\/\/www.greektrade.com.pl\/en\/wielokanalowa-kampania-dla-marki-el-sabor-w-2025-roku\/#breadcrumb","itemListElement":[{"@type":"ListItem","position":1,"name":"Strona g\u0142\u00f3wna","item":"https:\/\/www.greektrade.com.pl\/en\/"},{"@type":"ListItem","position":2,"name":"Wielokana\u0142owa kampania dla marki El Sabor w 2025 roku."}]},{"@type":"WebSite","@id":"https:\/\/www.greektrade.com.pl\/en\/#website","url":"https:\/\/www.greektrade.com.pl\/en\/","name":"Greek Trade","description":"Polski producent, importer i dystrybutor \u017cywno\u015bci - gwarancja smaku","potentialAction":[{"@type":"SearchAction","target":{"@type":"EntryPoint","urlTemplate":"https:\/\/www.greektrade.com.pl\/en\/?s={search_term_string}"},"query-input":{"@type":"PropertyValueSpecification","valueRequired":true,"valueName":"search_term_string"}}],"inLanguage":"en-US"},{"@type":"Person","@id":"https:\/\/www.greektrade.com.pl\/en\/#\/schema\/person\/31b044bfdb17cbd8228787c2e092985f","name":"Patrycja Homoncik","image":{"@type":"ImageObject","inLanguage":"en-US","@id":"https:\/\/secure.gravatar.com\/avatar\/10f639888a65bf6f32941f29c80e25f2655818949aa57cb0287e0dc6c6b0509f?s=96&d=mm&r=g","url":"https:\/\/secure.gravatar.com\/avatar\/10f639888a65bf6f32941f29c80e25f2655818949aa57cb0287e0dc6c6b0509f?s=96&d=mm&r=g","contentUrl":"https:\/\/secure.gravatar.com\/avatar\/10f639888a65bf6f32941f29c80e25f2655818949aa57cb0287e0dc6c6b0509f?s=96&d=mm&r=g","caption":"Patrycja Homoncik"}}]}},"_links":{"self":[{"href":"https:\/\/www.greektrade.com.pl\/en\/wp-json\/wp\/v2\/posts\/4438","targetHints":{"allow":["GET"]}}],"collection":[{"href":"https:\/\/www.greektrade.com.pl\/en\/wp-json\/wp\/v2\/posts"}],"about":[{"href":"https:\/\/www.greektrade.com.pl\/en\/wp-json\/wp\/v2\/types\/post"}],"author":[{"embeddable":true,"href":"https:\/\/www.greektrade.com.pl\/en\/wp-json\/wp\/v2\/users\/2"}],"replies":[{"embeddable":true,"href":"https:\/\/www.greektrade.com.pl\/en\/wp-json\/wp\/v2\/comments?post=4438"}],"version-history":[{"count":1,"href":"https:\/\/www.greektrade.com.pl\/en\/wp-json\/wp\/v2\/posts\/4438\/revisions"}],"predecessor-version":[{"id":4440,"href":"https:\/\/www.greektrade.com.pl\/en\/wp-json\/wp\/v2\/posts\/4438\/revisions\/4440"}],"wp:featuredmedia":[{"embeddable":true,"href":"https:\/\/www.greektrade.com.pl\/en\/wp-json\/wp\/v2\/media\/4461"}],"wp:attachment":[{"href":"https:\/\/www.greektrade.com.pl\/en\/wp-json\/wp\/v2\/media?parent=4438"}],"wp:term":[{"taxonomy":"category","embeddable":true,"href":"https:\/\/www.greektrade.com.pl\/en\/wp-json\/wp\/v2\/categories?post=4438"},{"taxonomy":"post_tag","embeddable":true,"href":"https:\/\/www.greektrade.com.pl\/en\/wp-json\/wp\/v2\/tags?post=4438"}],"curies":[{"name":"wp","href":"https:\/\/api.w.org\/{rel}","templated":true}]}}