{"id":4466,"date":"2026-02-19T11:17:59","date_gmt":"2026-02-19T11:17:59","guid":{"rendered":"https:\/\/www.greektrade.com.pl\/?p=4466"},"modified":"2026-02-20T11:01:26","modified_gmt":"2026-02-20T11:01:26","slug":"ferie-na-maxxa-z-el-sabor","status":"publish","type":"post","link":"https:\/\/www.greektrade.com.pl\/en\/ferie-na-maxxa-z-el-sabor\/","title":{"rendered":"Ferie na MAXXa z El Sabor"},"content":{"rendered":"<h1>El Sabor sponsorem wydarzenia \u201eFerie na MAXXa\u201d w Krakowie.<\/h1>\n<p>13 lutego marka El Sabor by\u0142a sponsorem wydarzenia <strong data-start=\"221\" data-end=\"241\">\u201eFerie na MAXXa\u201d<\/strong>, zorganizowanego przez RMF MAXX w GOjump Krak\u00f3w. Event przyci\u0105gn\u0105\u0142 m\u0142odych uczestnik\u00f3w, kt\u00f3rzy ferie zimowe sp\u0119dzili aktywnie \u2013 w atmosferze dobrej zabawy i muzyki.<\/p>\n<p>&nbsp;<\/p>\n<p><img decoding=\"async\" class=\"wp-image-4482 alignleft\" src=\"https:\/\/www.greektrade.com.pl\/wp-content\/uploads\/2026\/02\/ferie_na_maxxa_03-1024x768.jpg\" alt=\"\" width=\"500\" height=\"375\" srcset=\"https:\/\/www.greektrade.com.pl\/wp-content\/uploads\/2026\/02\/ferie_na_maxxa_03-1024x768.jpg 1024w, https:\/\/www.greektrade.com.pl\/wp-content\/uploads\/2026\/02\/ferie_na_maxxa_03-300x225.jpg 300w, https:\/\/www.greektrade.com.pl\/wp-content\/uploads\/2026\/02\/ferie_na_maxxa_03-768x576.jpg 768w, https:\/\/www.greektrade.com.pl\/wp-content\/uploads\/2026\/02\/ferie_na_maxxa_03.jpg 1200w\" sizes=\"(max-width: 500px) 100vw, 500px\" \/><\/p>\n<p>&nbsp;<\/p>\n<p>Na miejscu obecna by\u0142a maskotka Krokodyl El Sabor, kt\u00f3ra towarzyszy\u0142a uczestnikom wydarzenia, a tak\u017ce hostessa rozdaj\u0105ca gad\u017cety oraz nachosy El Sabor. Uczestnicy otrzymali r\u00f3wnie\u017c ulotki z kodem QR przekierowuj\u0105cy do zakup\u00f3w w\u00a0aplikacji \u017babka Jush!, co\u00a0dodatkowo wzmocni\u0142o aktywacj\u0119 sprzeda\u017cow\u0105. Obecno\u015b\u0107 El Sabor podczas \u201eFerii na MAXXa\u201d to kolejny element dzia\u0142a\u0144 wspieraj\u0105cych rozpoznawalno\u015b\u0107 marki oraz buduj\u0105cych jej widoczno\u015b\u0107 w\u015br\u00f3d konsument\u00f3w poprzez bezpo\u015bredni kontakt i aktywno\u015bci eventowe.<\/p>\n<p>&nbsp;<\/p>\n<p><img decoding=\"async\" class=\"wp-image-4472 alignleft\" src=\"https:\/\/www.greektrade.com.pl\/wp-content\/uploads\/2026\/02\/ferie_na_maxxa_02-1024x768.jpg\" alt=\"\" width=\"500\" height=\"375\" srcset=\"https:\/\/www.greektrade.com.pl\/wp-content\/uploads\/2026\/02\/ferie_na_maxxa_02-1024x768.jpg 1024w, https:\/\/www.greektrade.com.pl\/wp-content\/uploads\/2026\/02\/ferie_na_maxxa_02-300x225.jpg 300w, https:\/\/www.greektrade.com.pl\/wp-content\/uploads\/2026\/02\/ferie_na_maxxa_02-768x576.jpg 768w, https:\/\/www.greektrade.com.pl\/wp-content\/uploads\/2026\/02\/ferie_na_maxxa_02.jpg 1200w\" sizes=\"(max-width: 500px) 100vw, 500px\" \/><\/p>\n<p>&nbsp;<\/p>\n<p>Za muzyczn\u0105 stron\u0119 wydarzenia odpowiada\u0142 DJ RMF MAXX, graj\u0105cy energetyczny set hit\u00f3w \u201ebanger za bangerem\u201d, a prowadz\u0105cy znani z anteny zapraszali uczestnik\u00f3w do wsp\u00f3lnej zabawy oraz konkurs\u00f3w. Wydarzenie by\u0142o promowane na antenie RMF MAXX, a relacje wideo z eventu dost\u0119pne s\u0105 w mediach spo\u0142eczno\u015bciowych stacji RMF MAXX.<\/p>\n<div style=\"max-width: 267px;\"><iframe style=\"display: block; border: none;\" src=\"https:\/\/www.facebook.com\/plugins\/video.php?height=476&amp;href=https%3A%2F%2Fwww.facebook.com%2Freel%2F1275236381115426%2F&amp;show_text=false&amp;width=267&amp;t=0\" width=\"267\" height=\"476\" frameborder=\"0\" scrolling=\"no\" allowfullscreen=\"allowfullscreen\"><br \/>\n<\/iframe><\/div>\n","protected":false},"excerpt":{"rendered":"<p>El Sabor sponsorem wydarzenia \u201eFerie na MAXXa\u201d w Krakowie. 13 lutego marka El Sabor by\u0142a sponsorem wydarzenia \u201eFerie na MAXXa\u201d,<\/p>\n","protected":false},"author":2,"featured_media":4500,"comment_status":"closed","ping_status":"closed","sticky":false,"template":"","format":"standard","meta":{"_acf_changed":false,"footnotes":""},"categories":[20],"tags":[],"class_list":["post-4466","post","type-post","status-publish","format-standard","has-post-thumbnail","hentry","category-aktualnosci"],"acf":[],"yoast_head":"<!-- This site is optimized with the Yoast SEO plugin v27.4 - https:\/\/yoast.com\/product\/yoast-seo-wordpress\/ -->\n<title>Ferie na MAXXa z El Sabor | Greek Trade<\/title>\n<meta name=\"robots\" content=\"index, follow, max-snippet:-1, max-image-preview:large, max-video-preview:-1\" \/>\n<link rel=\"canonical\" href=\"https:\/\/www.greektrade.com.pl\/en\/ferie-na-maxxa-z-el-sabor\/\" \/>\n<meta property=\"og:locale\" content=\"en_US\" \/>\n<meta property=\"og:type\" content=\"article\" \/>\n<meta property=\"og:title\" content=\"Ferie na MAXXa z El Sabor | Greek Trade\" \/>\n<meta property=\"og:description\" content=\"El Sabor sponsorem wydarzenia \u201eFerie na MAXXa\u201d w Krakowie. 13 lutego marka El Sabor by\u0142a sponsorem wydarzenia \u201eFerie na MAXXa\u201d,\" \/>\n<meta property=\"og:url\" content=\"https:\/\/www.greektrade.com.pl\/en\/ferie-na-maxxa-z-el-sabor\/\" \/>\n<meta property=\"og:site_name\" content=\"Greek Trade\" \/>\n<meta property=\"article:published_time\" content=\"2026-02-19T11:17:59+00:00\" \/>\n<meta property=\"article:modified_time\" content=\"2026-02-20T11:01:26+00:00\" \/>\n<meta property=\"og:image\" content=\"https:\/\/www.greektrade.com.pl\/wp-content\/uploads\/2026\/02\/ferie_na_maxxa_naglowek_002.jpg\" \/>\n\t<meta property=\"og:image:width\" content=\"1200\" \/>\n\t<meta property=\"og:image:height\" content=\"900\" \/>\n\t<meta property=\"og:image:type\" content=\"image\/jpeg\" \/>\n<meta name=\"author\" content=\"Patrycja Homoncik\" \/>\n<meta name=\"twitter:card\" content=\"summary_large_image\" \/>\n<meta name=\"twitter:label1\" content=\"Written by\" \/>\n\t<meta name=\"twitter:data1\" content=\"Patrycja Homoncik\" \/>\n\t<meta name=\"twitter:label2\" content=\"Est. reading time\" \/>\n\t<meta name=\"twitter:data2\" content=\"2 minutes\" \/>\n<script type=\"application\/ld+json\" class=\"yoast-schema-graph\">{\"@context\":\"https:\\\/\\\/schema.org\",\"@graph\":[{\"@type\":\"Article\",\"@id\":\"https:\\\/\\\/www.greektrade.com.pl\\\/en\\\/ferie-na-maxxa-z-el-sabor\\\/#article\",\"isPartOf\":{\"@id\":\"https:\\\/\\\/www.greektrade.com.pl\\\/en\\\/ferie-na-maxxa-z-el-sabor\\\/\"},\"author\":{\"name\":\"Patrycja Homoncik\",\"@id\":\"https:\\\/\\\/www.greektrade.com.pl\\\/en\\\/#\\\/schema\\\/person\\\/31b044bfdb17cbd8228787c2e092985f\"},\"headline\":\"Ferie na MAXXa z El Sabor\",\"datePublished\":\"2026-02-19T11:17:59+00:00\",\"dateModified\":\"2026-02-20T11:01:26+00:00\",\"mainEntityOfPage\":{\"@id\":\"https:\\\/\\\/www.greektrade.com.pl\\\/en\\\/ferie-na-maxxa-z-el-sabor\\\/\"},\"wordCount\":200,\"image\":{\"@id\":\"https:\\\/\\\/www.greektrade.com.pl\\\/en\\\/ferie-na-maxxa-z-el-sabor\\\/#primaryimage\"},\"thumbnailUrl\":\"https:\\\/\\\/www.greektrade.com.pl\\\/wp-content\\\/uploads\\\/2026\\\/02\\\/ferie_na_maxxa_naglowek_002.jpg\",\"articleSection\":[\"Aktualno\u015bci\"],\"inLanguage\":\"en-US\"},{\"@type\":\"WebPage\",\"@id\":\"https:\\\/\\\/www.greektrade.com.pl\\\/en\\\/ferie-na-maxxa-z-el-sabor\\\/\",\"url\":\"https:\\\/\\\/www.greektrade.com.pl\\\/en\\\/ferie-na-maxxa-z-el-sabor\\\/\",\"name\":\"Ferie na MAXXa z El Sabor | Greek Trade\",\"isPartOf\":{\"@id\":\"https:\\\/\\\/www.greektrade.com.pl\\\/en\\\/#website\"},\"primaryImageOfPage\":{\"@id\":\"https:\\\/\\\/www.greektrade.com.pl\\\/en\\\/ferie-na-maxxa-z-el-sabor\\\/#primaryimage\"},\"image\":{\"@id\":\"https:\\\/\\\/www.greektrade.com.pl\\\/en\\\/ferie-na-maxxa-z-el-sabor\\\/#primaryimage\"},\"thumbnailUrl\":\"https:\\\/\\\/www.greektrade.com.pl\\\/wp-content\\\/uploads\\\/2026\\\/02\\\/ferie_na_maxxa_naglowek_002.jpg\",\"datePublished\":\"2026-02-19T11:17:59+00:00\",\"dateModified\":\"2026-02-20T11:01:26+00:00\",\"author\":{\"@id\":\"https:\\\/\\\/www.greektrade.com.pl\\\/en\\\/#\\\/schema\\\/person\\\/31b044bfdb17cbd8228787c2e092985f\"},\"breadcrumb\":{\"@id\":\"https:\\\/\\\/www.greektrade.com.pl\\\/en\\\/ferie-na-maxxa-z-el-sabor\\\/#breadcrumb\"},\"inLanguage\":\"en-US\",\"potentialAction\":[{\"@type\":\"ReadAction\",\"target\":[\"https:\\\/\\\/www.greektrade.com.pl\\\/en\\\/ferie-na-maxxa-z-el-sabor\\\/\"]}]},{\"@type\":\"ImageObject\",\"inLanguage\":\"en-US\",\"@id\":\"https:\\\/\\\/www.greektrade.com.pl\\\/en\\\/ferie-na-maxxa-z-el-sabor\\\/#primaryimage\",\"url\":\"https:\\\/\\\/www.greektrade.com.pl\\\/wp-content\\\/uploads\\\/2026\\\/02\\\/ferie_na_maxxa_naglowek_002.jpg\",\"contentUrl\":\"https:\\\/\\\/www.greektrade.com.pl\\\/wp-content\\\/uploads\\\/2026\\\/02\\\/ferie_na_maxxa_naglowek_002.jpg\",\"width\":1200,\"height\":900},{\"@type\":\"BreadcrumbList\",\"@id\":\"https:\\\/\\\/www.greektrade.com.pl\\\/en\\\/ferie-na-maxxa-z-el-sabor\\\/#breadcrumb\",\"itemListElement\":[{\"@type\":\"ListItem\",\"position\":1,\"name\":\"Strona g\u0142\u00f3wna\",\"item\":\"https:\\\/\\\/www.greektrade.com.pl\\\/en\\\/\"},{\"@type\":\"ListItem\",\"position\":2,\"name\":\"Ferie na MAXXa z El Sabor\"}]},{\"@type\":\"WebSite\",\"@id\":\"https:\\\/\\\/www.greektrade.com.pl\\\/en\\\/#website\",\"url\":\"https:\\\/\\\/www.greektrade.com.pl\\\/en\\\/\",\"name\":\"Greek Trade\",\"description\":\"Polski producent, importer i dystrybutor \u017cywno\u015bci - gwarancja smaku\",\"potentialAction\":[{\"@type\":\"SearchAction\",\"target\":{\"@type\":\"EntryPoint\",\"urlTemplate\":\"https:\\\/\\\/www.greektrade.com.pl\\\/en\\\/?s={search_term_string}\"},\"query-input\":{\"@type\":\"PropertyValueSpecification\",\"valueRequired\":true,\"valueName\":\"search_term_string\"}}],\"inLanguage\":\"en-US\"},{\"@type\":\"Person\",\"@id\":\"https:\\\/\\\/www.greektrade.com.pl\\\/en\\\/#\\\/schema\\\/person\\\/31b044bfdb17cbd8228787c2e092985f\",\"name\":\"Patrycja Homoncik\",\"image\":{\"@type\":\"ImageObject\",\"inLanguage\":\"en-US\",\"@id\":\"https:\\\/\\\/secure.gravatar.com\\\/avatar\\\/10f639888a65bf6f32941f29c80e25f2655818949aa57cb0287e0dc6c6b0509f?s=96&d=mm&r=g\",\"url\":\"https:\\\/\\\/secure.gravatar.com\\\/avatar\\\/10f639888a65bf6f32941f29c80e25f2655818949aa57cb0287e0dc6c6b0509f?s=96&d=mm&r=g\",\"contentUrl\":\"https:\\\/\\\/secure.gravatar.com\\\/avatar\\\/10f639888a65bf6f32941f29c80e25f2655818949aa57cb0287e0dc6c6b0509f?s=96&d=mm&r=g\",\"caption\":\"Patrycja Homoncik\"}}]}<\/script>\n<!-- \/ Yoast SEO plugin. -->","yoast_head_json":{"title":"Ferie na MAXXa z El Sabor | Greek Trade","robots":{"index":"index","follow":"follow","max-snippet":"max-snippet:-1","max-image-preview":"max-image-preview:large","max-video-preview":"max-video-preview:-1"},"canonical":"https:\/\/www.greektrade.com.pl\/en\/ferie-na-maxxa-z-el-sabor\/","og_locale":"en_US","og_type":"article","og_title":"Ferie na MAXXa z El Sabor | Greek Trade","og_description":"El Sabor sponsorem wydarzenia \u201eFerie na MAXXa\u201d w Krakowie. 13 lutego marka El Sabor by\u0142a sponsorem wydarzenia \u201eFerie na MAXXa\u201d,","og_url":"https:\/\/www.greektrade.com.pl\/en\/ferie-na-maxxa-z-el-sabor\/","og_site_name":"Greek Trade","article_published_time":"2026-02-19T11:17:59+00:00","article_modified_time":"2026-02-20T11:01:26+00:00","og_image":[{"width":1200,"height":900,"url":"https:\/\/www.greektrade.com.pl\/wp-content\/uploads\/2026\/02\/ferie_na_maxxa_naglowek_002.jpg","type":"image\/jpeg"}],"author":"Patrycja Homoncik","twitter_card":"summary_large_image","twitter_misc":{"Written by":"Patrycja Homoncik","Est. reading time":"2 minutes"},"schema":{"@context":"https:\/\/schema.org","@graph":[{"@type":"Article","@id":"https:\/\/www.greektrade.com.pl\/en\/ferie-na-maxxa-z-el-sabor\/#article","isPartOf":{"@id":"https:\/\/www.greektrade.com.pl\/en\/ferie-na-maxxa-z-el-sabor\/"},"author":{"name":"Patrycja Homoncik","@id":"https:\/\/www.greektrade.com.pl\/en\/#\/schema\/person\/31b044bfdb17cbd8228787c2e092985f"},"headline":"Ferie na MAXXa z El Sabor","datePublished":"2026-02-19T11:17:59+00:00","dateModified":"2026-02-20T11:01:26+00:00","mainEntityOfPage":{"@id":"https:\/\/www.greektrade.com.pl\/en\/ferie-na-maxxa-z-el-sabor\/"},"wordCount":200,"image":{"@id":"https:\/\/www.greektrade.com.pl\/en\/ferie-na-maxxa-z-el-sabor\/#primaryimage"},"thumbnailUrl":"https:\/\/www.greektrade.com.pl\/wp-content\/uploads\/2026\/02\/ferie_na_maxxa_naglowek_002.jpg","articleSection":["Aktualno\u015bci"],"inLanguage":"en-US"},{"@type":"WebPage","@id":"https:\/\/www.greektrade.com.pl\/en\/ferie-na-maxxa-z-el-sabor\/","url":"https:\/\/www.greektrade.com.pl\/en\/ferie-na-maxxa-z-el-sabor\/","name":"Ferie na MAXXa z El Sabor | Greek Trade","isPartOf":{"@id":"https:\/\/www.greektrade.com.pl\/en\/#website"},"primaryImageOfPage":{"@id":"https:\/\/www.greektrade.com.pl\/en\/ferie-na-maxxa-z-el-sabor\/#primaryimage"},"image":{"@id":"https:\/\/www.greektrade.com.pl\/en\/ferie-na-maxxa-z-el-sabor\/#primaryimage"},"thumbnailUrl":"https:\/\/www.greektrade.com.pl\/wp-content\/uploads\/2026\/02\/ferie_na_maxxa_naglowek_002.jpg","datePublished":"2026-02-19T11:17:59+00:00","dateModified":"2026-02-20T11:01:26+00:00","author":{"@id":"https:\/\/www.greektrade.com.pl\/en\/#\/schema\/person\/31b044bfdb17cbd8228787c2e092985f"},"breadcrumb":{"@id":"https:\/\/www.greektrade.com.pl\/en\/ferie-na-maxxa-z-el-sabor\/#breadcrumb"},"inLanguage":"en-US","potentialAction":[{"@type":"ReadAction","target":["https:\/\/www.greektrade.com.pl\/en\/ferie-na-maxxa-z-el-sabor\/"]}]},{"@type":"ImageObject","inLanguage":"en-US","@id":"https:\/\/www.greektrade.com.pl\/en\/ferie-na-maxxa-z-el-sabor\/#primaryimage","url":"https:\/\/www.greektrade.com.pl\/wp-content\/uploads\/2026\/02\/ferie_na_maxxa_naglowek_002.jpg","contentUrl":"https:\/\/www.greektrade.com.pl\/wp-content\/uploads\/2026\/02\/ferie_na_maxxa_naglowek_002.jpg","width":1200,"height":900},{"@type":"BreadcrumbList","@id":"https:\/\/www.greektrade.com.pl\/en\/ferie-na-maxxa-z-el-sabor\/#breadcrumb","itemListElement":[{"@type":"ListItem","position":1,"name":"Strona g\u0142\u00f3wna","item":"https:\/\/www.greektrade.com.pl\/en\/"},{"@type":"ListItem","position":2,"name":"Ferie na MAXXa z El Sabor"}]},{"@type":"WebSite","@id":"https:\/\/www.greektrade.com.pl\/en\/#website","url":"https:\/\/www.greektrade.com.pl\/en\/","name":"Greek Trade","description":"Polski producent, importer i dystrybutor \u017cywno\u015bci - gwarancja smaku","potentialAction":[{"@type":"SearchAction","target":{"@type":"EntryPoint","urlTemplate":"https:\/\/www.greektrade.com.pl\/en\/?s={search_term_string}"},"query-input":{"@type":"PropertyValueSpecification","valueRequired":true,"valueName":"search_term_string"}}],"inLanguage":"en-US"},{"@type":"Person","@id":"https:\/\/www.greektrade.com.pl\/en\/#\/schema\/person\/31b044bfdb17cbd8228787c2e092985f","name":"Patrycja Homoncik","image":{"@type":"ImageObject","inLanguage":"en-US","@id":"https:\/\/secure.gravatar.com\/avatar\/10f639888a65bf6f32941f29c80e25f2655818949aa57cb0287e0dc6c6b0509f?s=96&d=mm&r=g","url":"https:\/\/secure.gravatar.com\/avatar\/10f639888a65bf6f32941f29c80e25f2655818949aa57cb0287e0dc6c6b0509f?s=96&d=mm&r=g","contentUrl":"https:\/\/secure.gravatar.com\/avatar\/10f639888a65bf6f32941f29c80e25f2655818949aa57cb0287e0dc6c6b0509f?s=96&d=mm&r=g","caption":"Patrycja Homoncik"}}]}},"_links":{"self":[{"href":"https:\/\/www.greektrade.com.pl\/en\/wp-json\/wp\/v2\/posts\/4466","targetHints":{"allow":["GET"]}}],"collection":[{"href":"https:\/\/www.greektrade.com.pl\/en\/wp-json\/wp\/v2\/posts"}],"about":[{"href":"https:\/\/www.greektrade.com.pl\/en\/wp-json\/wp\/v2\/types\/post"}],"author":[{"embeddable":true,"href":"https:\/\/www.greektrade.com.pl\/en\/wp-json\/wp\/v2\/users\/2"}],"replies":[{"embeddable":true,"href":"https:\/\/www.greektrade.com.pl\/en\/wp-json\/wp\/v2\/comments?post=4466"}],"version-history":[{"count":20,"href":"https:\/\/www.greektrade.com.pl\/en\/wp-json\/wp\/v2\/posts\/4466\/revisions"}],"predecessor-version":[{"id":4499,"href":"https:\/\/www.greektrade.com.pl\/en\/wp-json\/wp\/v2\/posts\/4466\/revisions\/4499"}],"wp:featuredmedia":[{"embeddable":true,"href":"https:\/\/www.greektrade.com.pl\/en\/wp-json\/wp\/v2\/media\/4500"}],"wp:attachment":[{"href":"https:\/\/www.greektrade.com.pl\/en\/wp-json\/wp\/v2\/media?parent=4466"}],"wp:term":[{"taxonomy":"category","embeddable":true,"href":"https:\/\/www.greektrade.com.pl\/en\/wp-json\/wp\/v2\/categories?post=4466"},{"taxonomy":"post_tag","embeddable":true,"href":"https:\/\/www.greektrade.com.pl\/en\/wp-json\/wp\/v2\/tags?post=4466"}],"curies":[{"name":"wp","href":"https:\/\/api.w.org\/{rel}","templated":true}]}}