{"id":4495,"date":"2026-02-26T09:22:08","date_gmt":"2026-02-26T09:22:08","guid":{"rendered":"https:\/\/www.greektrade.com.pl\/?p=4495"},"modified":"2026-02-26T14:31:52","modified_gmt":"2026-02-26T14:31:52","slug":"el-sabor-edzio","status":"publish","type":"post","link":"https:\/\/www.greektrade.com.pl\/en\/el-sabor-edzio\/","title":{"rendered":"El Sabor &#038; Edzio kampania 2026"},"content":{"rendered":"<h1>El Sabor rozpoczyna kilkumiesi\u0119czn\u0105 kampani\u0119 z Edziem!<\/h1>\n<h3>Jako wy\u0142\u0105czny Dystrybutor produkt\u00f3w marki El Sabor w najbli\u017cszych miesi\u0105cach zrealizujemy szeroko zasi\u0119gow\u0105 kampani\u0119 promuj\u0105c\u0105 nachosy i dipy we wsp\u00f3\u0142pracy z Edziem.<\/h3>\n<p>Edzio to m\u0142ody polski raper i freestyle\u2019owiec, znany z bitew freestyle oraz aktywnej obecno\u015bci w mediach spo\u0142eczno\u015bciowych. Popularno\u015b\u0107 zdoby\u0142 dzi\u0119ki autentycznemu stylowi i silnemu zaanga\u017cowaniu m\u0142odej spo\u0142eczno\u015bci skupionej wok\u00f3\u0142 jego tw\u00f3rczo\u015bci muzycznej i internetowej.<\/p>\n<p>Wsp\u00f3lny projekt po\u0142\u0105czy dzia\u0142ania w mediach spo\u0142eczno\u015bciowych (ze wsparciem paid media) z obecno\u015bci\u0105 marki na tegorocznych koncertach rapera.<br \/>\nW planie dzia\u0142a\u0144 online s\u0105 publikacje na TikToku, Instagramie oraz YouTube Shorts, z planowanym zasi\u0119giem do 15 mln wy\u015bwietle\u0144. Uzupe\u0142nieniem projektu b\u0119dzie r\u00f3wnie\u017c konkurs anga\u017cuj\u0105cy spo\u0142eczno\u015b\u0107 tw\u00f3rcy, w kt\u00f3rym nagrod\u0105 g\u0142\u00f3wn\u0105 jest wsp\u00f3lny freestyle z Edziem.<\/p>\n<div style=\"width: 315px; height: 560px; max-width: 315px; overflow: hidden; text-align: center;\"><iframe style=\"display: block; width: 315px !important; height: 560px !important; border: 0; max-width: 315px !important;\" src=\"https:\/\/www.youtube.com\/embed\/V5z2Urwd3wA\" width=\"315\" height=\"560\" frameborder=\"0\" allowfullscreen=\"allowfullscreen\"><br \/>\n<\/iframe><\/div>\n<p>Kontynuuj\u0105c strategi\u0119 marketingu do\u015bwiadcze\u0144 maskotka marki &#8211; Krokodyl El Sabor pojawi si\u0119 na wybranych koncertach Edzia. Maskotka b\u0119dzie rozkr\u0119ca\u0107 zabaw\u0119 wsp\u00f3lnie z artyst\u0105 na scenie oraz z widowni\u0105 pod scen\u0105. Zaplanowany jest r\u00f3wnie\u017c sampling produkt\u00f3w oraz dystrybucja gad\u017cet\u00f3w. Wydarzeniom b\u0119d\u0105 towarzyszy\u0107 relacje w mediach spo\u0142eczno\u015bciowych.<\/p>\n","protected":false},"excerpt":{"rendered":"<p>El Sabor rozpoczyna kilkumiesi\u0119czn\u0105 kampani\u0119 z Edziem! Jako wy\u0142\u0105czny Dystrybutor produkt\u00f3w marki El Sabor w najbli\u017cszych miesi\u0105cach zrealizujemy szeroko zasi\u0119gow\u0105<\/p>\n","protected":false},"author":2,"featured_media":4534,"comment_status":"closed","ping_status":"closed","sticky":false,"template":"","format":"standard","meta":{"_acf_changed":false,"footnotes":""},"categories":[20],"tags":[],"class_list":["post-4495","post","type-post","status-publish","format-standard","has-post-thumbnail","hentry","category-aktualnosci"],"acf":[],"yoast_head":"<!-- This site is optimized with the Yoast SEO plugin v27.4 - https:\/\/yoast.com\/product\/yoast-seo-wordpress\/ -->\n<title>El Sabor &amp; Edzio kampania 2026 | Greek Trade<\/title>\n<meta name=\"robots\" content=\"index, follow, max-snippet:-1, max-image-preview:large, max-video-preview:-1\" \/>\n<link rel=\"canonical\" href=\"https:\/\/www.greektrade.com.pl\/en\/el-sabor-edzio\/\" \/>\n<meta property=\"og:locale\" content=\"en_US\" \/>\n<meta property=\"og:type\" content=\"article\" \/>\n<meta property=\"og:title\" content=\"El Sabor &amp; Edzio kampania 2026 | Greek Trade\" \/>\n<meta property=\"og:description\" content=\"El Sabor rozpoczyna kilkumiesi\u0119czn\u0105 kampani\u0119 z Edziem! Jako wy\u0142\u0105czny Dystrybutor produkt\u00f3w marki El Sabor w najbli\u017cszych miesi\u0105cach zrealizujemy szeroko zasi\u0119gow\u0105\" \/>\n<meta property=\"og:url\" content=\"https:\/\/www.greektrade.com.pl\/en\/el-sabor-edzio\/\" \/>\n<meta property=\"og:site_name\" content=\"Greek Trade\" \/>\n<meta property=\"article:published_time\" content=\"2026-02-26T09:22:08+00:00\" \/>\n<meta property=\"article:modified_time\" content=\"2026-02-26T14:31:52+00:00\" \/>\n<meta property=\"og:image\" content=\"https:\/\/www.greektrade.com.pl\/wp-content\/uploads\/2026\/02\/El_Sabor_Edzio_naglowek_02.jpg\" \/>\n\t<meta property=\"og:image:width\" content=\"1201\" \/>\n\t<meta property=\"og:image:height\" content=\"901\" \/>\n\t<meta property=\"og:image:type\" content=\"image\/jpeg\" \/>\n<meta name=\"author\" content=\"Patrycja Homoncik\" \/>\n<meta name=\"twitter:card\" content=\"summary_large_image\" \/>\n<meta name=\"twitter:label1\" content=\"Written by\" \/>\n\t<meta name=\"twitter:data1\" content=\"Patrycja Homoncik\" \/>\n\t<meta name=\"twitter:label2\" content=\"Est. reading time\" \/>\n\t<meta name=\"twitter:data2\" content=\"2 minutes\" \/>\n<script type=\"application\/ld+json\" class=\"yoast-schema-graph\">{\"@context\":\"https:\\\/\\\/schema.org\",\"@graph\":[{\"@type\":\"Article\",\"@id\":\"https:\\\/\\\/www.greektrade.com.pl\\\/en\\\/el-sabor-edzio\\\/#article\",\"isPartOf\":{\"@id\":\"https:\\\/\\\/www.greektrade.com.pl\\\/en\\\/el-sabor-edzio\\\/\"},\"author\":{\"name\":\"Patrycja Homoncik\",\"@id\":\"https:\\\/\\\/www.greektrade.com.pl\\\/en\\\/#\\\/schema\\\/person\\\/31b044bfdb17cbd8228787c2e092985f\"},\"headline\":\"El Sabor &#038; Edzio kampania 2026\",\"datePublished\":\"2026-02-26T09:22:08+00:00\",\"dateModified\":\"2026-02-26T14:31:52+00:00\",\"mainEntityOfPage\":{\"@id\":\"https:\\\/\\\/www.greektrade.com.pl\\\/en\\\/el-sabor-edzio\\\/\"},\"wordCount\":216,\"image\":{\"@id\":\"https:\\\/\\\/www.greektrade.com.pl\\\/en\\\/el-sabor-edzio\\\/#primaryimage\"},\"thumbnailUrl\":\"https:\\\/\\\/www.greektrade.com.pl\\\/wp-content\\\/uploads\\\/2026\\\/02\\\/El_Sabor_Edzio_naglowek_02.jpg\",\"articleSection\":[\"Aktualno\u015bci\"],\"inLanguage\":\"en-US\"},{\"@type\":\"WebPage\",\"@id\":\"https:\\\/\\\/www.greektrade.com.pl\\\/en\\\/el-sabor-edzio\\\/\",\"url\":\"https:\\\/\\\/www.greektrade.com.pl\\\/en\\\/el-sabor-edzio\\\/\",\"name\":\"El Sabor & Edzio kampania 2026 | Greek Trade\",\"isPartOf\":{\"@id\":\"https:\\\/\\\/www.greektrade.com.pl\\\/en\\\/#website\"},\"primaryImageOfPage\":{\"@id\":\"https:\\\/\\\/www.greektrade.com.pl\\\/en\\\/el-sabor-edzio\\\/#primaryimage\"},\"image\":{\"@id\":\"https:\\\/\\\/www.greektrade.com.pl\\\/en\\\/el-sabor-edzio\\\/#primaryimage\"},\"thumbnailUrl\":\"https:\\\/\\\/www.greektrade.com.pl\\\/wp-content\\\/uploads\\\/2026\\\/02\\\/El_Sabor_Edzio_naglowek_02.jpg\",\"datePublished\":\"2026-02-26T09:22:08+00:00\",\"dateModified\":\"2026-02-26T14:31:52+00:00\",\"author\":{\"@id\":\"https:\\\/\\\/www.greektrade.com.pl\\\/en\\\/#\\\/schema\\\/person\\\/31b044bfdb17cbd8228787c2e092985f\"},\"breadcrumb\":{\"@id\":\"https:\\\/\\\/www.greektrade.com.pl\\\/en\\\/el-sabor-edzio\\\/#breadcrumb\"},\"inLanguage\":\"en-US\",\"potentialAction\":[{\"@type\":\"ReadAction\",\"target\":[\"https:\\\/\\\/www.greektrade.com.pl\\\/en\\\/el-sabor-edzio\\\/\"]}]},{\"@type\":\"ImageObject\",\"inLanguage\":\"en-US\",\"@id\":\"https:\\\/\\\/www.greektrade.com.pl\\\/en\\\/el-sabor-edzio\\\/#primaryimage\",\"url\":\"https:\\\/\\\/www.greektrade.com.pl\\\/wp-content\\\/uploads\\\/2026\\\/02\\\/El_Sabor_Edzio_naglowek_02.jpg\",\"contentUrl\":\"https:\\\/\\\/www.greektrade.com.pl\\\/wp-content\\\/uploads\\\/2026\\\/02\\\/El_Sabor_Edzio_naglowek_02.jpg\",\"width\":1201,\"height\":901},{\"@type\":\"BreadcrumbList\",\"@id\":\"https:\\\/\\\/www.greektrade.com.pl\\\/en\\\/el-sabor-edzio\\\/#breadcrumb\",\"itemListElement\":[{\"@type\":\"ListItem\",\"position\":1,\"name\":\"Strona g\u0142\u00f3wna\",\"item\":\"https:\\\/\\\/www.greektrade.com.pl\\\/en\\\/\"},{\"@type\":\"ListItem\",\"position\":2,\"name\":\"El Sabor &#038; Edzio kampania 2026\"}]},{\"@type\":\"WebSite\",\"@id\":\"https:\\\/\\\/www.greektrade.com.pl\\\/en\\\/#website\",\"url\":\"https:\\\/\\\/www.greektrade.com.pl\\\/en\\\/\",\"name\":\"Greek Trade\",\"description\":\"Polski producent, importer i dystrybutor \u017cywno\u015bci - gwarancja smaku\",\"potentialAction\":[{\"@type\":\"SearchAction\",\"target\":{\"@type\":\"EntryPoint\",\"urlTemplate\":\"https:\\\/\\\/www.greektrade.com.pl\\\/en\\\/?s={search_term_string}\"},\"query-input\":{\"@type\":\"PropertyValueSpecification\",\"valueRequired\":true,\"valueName\":\"search_term_string\"}}],\"inLanguage\":\"en-US\"},{\"@type\":\"Person\",\"@id\":\"https:\\\/\\\/www.greektrade.com.pl\\\/en\\\/#\\\/schema\\\/person\\\/31b044bfdb17cbd8228787c2e092985f\",\"name\":\"Patrycja Homoncik\",\"image\":{\"@type\":\"ImageObject\",\"inLanguage\":\"en-US\",\"@id\":\"https:\\\/\\\/secure.gravatar.com\\\/avatar\\\/10f639888a65bf6f32941f29c80e25f2655818949aa57cb0287e0dc6c6b0509f?s=96&d=mm&r=g\",\"url\":\"https:\\\/\\\/secure.gravatar.com\\\/avatar\\\/10f639888a65bf6f32941f29c80e25f2655818949aa57cb0287e0dc6c6b0509f?s=96&d=mm&r=g\",\"contentUrl\":\"https:\\\/\\\/secure.gravatar.com\\\/avatar\\\/10f639888a65bf6f32941f29c80e25f2655818949aa57cb0287e0dc6c6b0509f?s=96&d=mm&r=g\",\"caption\":\"Patrycja Homoncik\"}}]}<\/script>\n<!-- \/ Yoast SEO plugin. -->","yoast_head_json":{"title":"El Sabor & Edzio kampania 2026 | Greek Trade","robots":{"index":"index","follow":"follow","max-snippet":"max-snippet:-1","max-image-preview":"max-image-preview:large","max-video-preview":"max-video-preview:-1"},"canonical":"https:\/\/www.greektrade.com.pl\/en\/el-sabor-edzio\/","og_locale":"en_US","og_type":"article","og_title":"El Sabor & Edzio kampania 2026 | Greek Trade","og_description":"El Sabor rozpoczyna kilkumiesi\u0119czn\u0105 kampani\u0119 z Edziem! Jako wy\u0142\u0105czny Dystrybutor produkt\u00f3w marki El Sabor w najbli\u017cszych miesi\u0105cach zrealizujemy szeroko zasi\u0119gow\u0105","og_url":"https:\/\/www.greektrade.com.pl\/en\/el-sabor-edzio\/","og_site_name":"Greek Trade","article_published_time":"2026-02-26T09:22:08+00:00","article_modified_time":"2026-02-26T14:31:52+00:00","og_image":[{"width":1201,"height":901,"url":"https:\/\/www.greektrade.com.pl\/wp-content\/uploads\/2026\/02\/El_Sabor_Edzio_naglowek_02.jpg","type":"image\/jpeg"}],"author":"Patrycja Homoncik","twitter_card":"summary_large_image","twitter_misc":{"Written by":"Patrycja Homoncik","Est. reading time":"2 minutes"},"schema":{"@context":"https:\/\/schema.org","@graph":[{"@type":"Article","@id":"https:\/\/www.greektrade.com.pl\/en\/el-sabor-edzio\/#article","isPartOf":{"@id":"https:\/\/www.greektrade.com.pl\/en\/el-sabor-edzio\/"},"author":{"name":"Patrycja Homoncik","@id":"https:\/\/www.greektrade.com.pl\/en\/#\/schema\/person\/31b044bfdb17cbd8228787c2e092985f"},"headline":"El Sabor &#038; Edzio kampania 2026","datePublished":"2026-02-26T09:22:08+00:00","dateModified":"2026-02-26T14:31:52+00:00","mainEntityOfPage":{"@id":"https:\/\/www.greektrade.com.pl\/en\/el-sabor-edzio\/"},"wordCount":216,"image":{"@id":"https:\/\/www.greektrade.com.pl\/en\/el-sabor-edzio\/#primaryimage"},"thumbnailUrl":"https:\/\/www.greektrade.com.pl\/wp-content\/uploads\/2026\/02\/El_Sabor_Edzio_naglowek_02.jpg","articleSection":["Aktualno\u015bci"],"inLanguage":"en-US"},{"@type":"WebPage","@id":"https:\/\/www.greektrade.com.pl\/en\/el-sabor-edzio\/","url":"https:\/\/www.greektrade.com.pl\/en\/el-sabor-edzio\/","name":"El Sabor & Edzio kampania 2026 | Greek Trade","isPartOf":{"@id":"https:\/\/www.greektrade.com.pl\/en\/#website"},"primaryImageOfPage":{"@id":"https:\/\/www.greektrade.com.pl\/en\/el-sabor-edzio\/#primaryimage"},"image":{"@id":"https:\/\/www.greektrade.com.pl\/en\/el-sabor-edzio\/#primaryimage"},"thumbnailUrl":"https:\/\/www.greektrade.com.pl\/wp-content\/uploads\/2026\/02\/El_Sabor_Edzio_naglowek_02.jpg","datePublished":"2026-02-26T09:22:08+00:00","dateModified":"2026-02-26T14:31:52+00:00","author":{"@id":"https:\/\/www.greektrade.com.pl\/en\/#\/schema\/person\/31b044bfdb17cbd8228787c2e092985f"},"breadcrumb":{"@id":"https:\/\/www.greektrade.com.pl\/en\/el-sabor-edzio\/#breadcrumb"},"inLanguage":"en-US","potentialAction":[{"@type":"ReadAction","target":["https:\/\/www.greektrade.com.pl\/en\/el-sabor-edzio\/"]}]},{"@type":"ImageObject","inLanguage":"en-US","@id":"https:\/\/www.greektrade.com.pl\/en\/el-sabor-edzio\/#primaryimage","url":"https:\/\/www.greektrade.com.pl\/wp-content\/uploads\/2026\/02\/El_Sabor_Edzio_naglowek_02.jpg","contentUrl":"https:\/\/www.greektrade.com.pl\/wp-content\/uploads\/2026\/02\/El_Sabor_Edzio_naglowek_02.jpg","width":1201,"height":901},{"@type":"BreadcrumbList","@id":"https:\/\/www.greektrade.com.pl\/en\/el-sabor-edzio\/#breadcrumb","itemListElement":[{"@type":"ListItem","position":1,"name":"Strona g\u0142\u00f3wna","item":"https:\/\/www.greektrade.com.pl\/en\/"},{"@type":"ListItem","position":2,"name":"El Sabor &#038; Edzio kampania 2026"}]},{"@type":"WebSite","@id":"https:\/\/www.greektrade.com.pl\/en\/#website","url":"https:\/\/www.greektrade.com.pl\/en\/","name":"Greek Trade","description":"Polski producent, importer i dystrybutor \u017cywno\u015bci - gwarancja smaku","potentialAction":[{"@type":"SearchAction","target":{"@type":"EntryPoint","urlTemplate":"https:\/\/www.greektrade.com.pl\/en\/?s={search_term_string}"},"query-input":{"@type":"PropertyValueSpecification","valueRequired":true,"valueName":"search_term_string"}}],"inLanguage":"en-US"},{"@type":"Person","@id":"https:\/\/www.greektrade.com.pl\/en\/#\/schema\/person\/31b044bfdb17cbd8228787c2e092985f","name":"Patrycja Homoncik","image":{"@type":"ImageObject","inLanguage":"en-US","@id":"https:\/\/secure.gravatar.com\/avatar\/10f639888a65bf6f32941f29c80e25f2655818949aa57cb0287e0dc6c6b0509f?s=96&d=mm&r=g","url":"https:\/\/secure.gravatar.com\/avatar\/10f639888a65bf6f32941f29c80e25f2655818949aa57cb0287e0dc6c6b0509f?s=96&d=mm&r=g","contentUrl":"https:\/\/secure.gravatar.com\/avatar\/10f639888a65bf6f32941f29c80e25f2655818949aa57cb0287e0dc6c6b0509f?s=96&d=mm&r=g","caption":"Patrycja Homoncik"}}]}},"_links":{"self":[{"href":"https:\/\/www.greektrade.com.pl\/en\/wp-json\/wp\/v2\/posts\/4495","targetHints":{"allow":["GET"]}}],"collection":[{"href":"https:\/\/www.greektrade.com.pl\/en\/wp-json\/wp\/v2\/posts"}],"about":[{"href":"https:\/\/www.greektrade.com.pl\/en\/wp-json\/wp\/v2\/types\/post"}],"author":[{"embeddable":true,"href":"https:\/\/www.greektrade.com.pl\/en\/wp-json\/wp\/v2\/users\/2"}],"replies":[{"embeddable":true,"href":"https:\/\/www.greektrade.com.pl\/en\/wp-json\/wp\/v2\/comments?post=4495"}],"version-history":[{"count":9,"href":"https:\/\/www.greektrade.com.pl\/en\/wp-json\/wp\/v2\/posts\/4495\/revisions"}],"predecessor-version":[{"id":4536,"href":"https:\/\/www.greektrade.com.pl\/en\/wp-json\/wp\/v2\/posts\/4495\/revisions\/4536"}],"wp:featuredmedia":[{"embeddable":true,"href":"https:\/\/www.greektrade.com.pl\/en\/wp-json\/wp\/v2\/media\/4534"}],"wp:attachment":[{"href":"https:\/\/www.greektrade.com.pl\/en\/wp-json\/wp\/v2\/media?parent=4495"}],"wp:term":[{"taxonomy":"category","embeddable":true,"href":"https:\/\/www.greektrade.com.pl\/en\/wp-json\/wp\/v2\/categories?post=4495"},{"taxonomy":"post_tag","embeddable":true,"href":"https:\/\/www.greektrade.com.pl\/en\/wp-json\/wp\/v2\/tags?post=4495"}],"curies":[{"name":"wp","href":"https:\/\/api.w.org\/{rel}","templated":true}]}}